{"id":2021,"date":"2024-07-22T12:41:57","date_gmt":"2024-07-22T10:41:57","guid":{"rendered":"https:\/\/www.beco-bermueller.de\/?p=2021"},"modified":"2024-10-08T15:59:49","modified_gmt":"2024-10-08T13:59:49","slug":"fahrstreifenerweiterung-knotenpunkt-a73-b303-bei-ebersdorf","status":"publish","type":"post","link":"https:\/\/www.beco-bermueller.de\/at\/fahrstreifenerweiterung-knotenpunkt-a73-b303-bei-ebersdorf\/","title":{"rendered":"Fahrstreifenerweiterung Knotenpunkt A73\/B303 bei Ebersdorf"},"content":{"rendered":"<p>[et_pb_section fb_built=&#8220;1&#8243; _builder_version=&#8220;4.24.3&#8243; _module_preset=&#8220;default&#8220; custom_padding=&#8220;0px||0px||false|false&#8220; global_colors_info=&#8220;{}&#8220;][et_pb_row column_structure=&#8220;1_2,1_2&#8243; _builder_version=&#8220;4.24.3&#8243; _module_preset=&#8220;default&#8220; hover_enabled=&#8220;0&#8243; global_colors_info=&#8220;{}&#8220; custom_padding=&#8220;0px||||false|false&#8220; sticky_enabled=&#8220;0&#8243;][et_pb_column type=&#8220;1_2&#8243; _builder_version=&#8220;4.24.3&#8243; _module_preset=&#8220;default&#8220; global_colors_info=&#8220;{}&#8220;][et_pb_heading title=&#8220;Fahrstreifenerweiterung Knotenpunkt A73\/B303 bei Ebersdorf&#8220; _builder_version=&#8220;4.24.3&#8243; _module_preset=&#8220;default&#8220; title_font=&#8220;Simplon Light||||||||&#8220; title_text_color=&#8220;#2B2B2A&#8220; title_font_size=&#8220;50px&#8220; title_letter_spacing=&#8220;0.3px&#8220; title_font_size_tablet=&#8220;60px&#8220; title_font_size_phone=&#8220;40px&#8220; title_font_size_last_edited=&#8220;on|phone&#8220; global_colors_info=&#8220;{}&#8220;][\/et_pb_heading][et_pb_text _builder_version=&#8220;4.24.3&#8243; _module_preset=&#8220;default&#8220; text_text_color=&#8220;#2B2B2A&#8220; text_font_size=&#8220;20px&#8220; text_letter_spacing=&#8220;0.3px&#8220; custom_padding=&#8220;0px|||||&#8220; global_colors_info=&#8220;{}&#8220;]<\/p>\n<p><span>Verbreiterung eines Fahrstreifens durch die Systeml\u00f6sung TERRAMESH in Gabionenoptik<\/span><\/p>\n<p>[\/et_pb_text][\/et_pb_column][et_pb_column type=&#8220;1_2&#8243; _builder_version=&#8220;4.24.3&#8243; _module_preset=&#8220;default&#8220; custom_padding=&#8220;||||false|false&#8220; global_colors_info=&#8220;{}&#8220;][et_pb_image src=&#8220;https:\/\/www.beco-bermueller.de\/wp-content\/uploads\/2024\/07\/terramesh-1.webp&#8220; alt=&#8220;terramesh&#8220; title_text=&#8220;terramesh&#8220; module_class=&#8220;custom-image-overlay&#8220; _builder_version=&#8220;4.24.3&#8243; _module_preset=&#8220;default&#8220; custom_margin=&#8220;||||false|false&#8220; custom_padding=&#8220;||||false|false&#8220; custom_css_free_form=&#8220;.custom-image-overlay:after {||    content: %22%22;||    display: block;||    position: absolute;||    top: 0; \/* Oben am Bild ausgerichtet *\/||    right: 0; \/* Am rechten Rand des Bildes *\/||    bottom: 0; \/* Unten am Bild ausgerichtet *\/||    width: 23%; \/* Breite des Overlays *\/||  mix-blend-mode: multiply;||    background: rgba(0, 162, 134, 1);||    z-index: 1;||}||&#8220; global_colors_info=&#8220;{}&#8220;][\/et_pb_image][\/et_pb_column][\/et_pb_row][\/et_pb_section][et_pb_section fb_built=&#8220;1&#8243; custom_padding_last_edited=&#8220;off|tablet&#8220; admin_label=&#8220;section&#8220; _builder_version=&#8220;4.24.3&#8243; background_enable_color=&#8220;off&#8220; custom_margin=&#8220;||||false|false&#8220; custom_padding=&#8220;10px||10px||false|false&#8220; custom_padding_tablet=&#8220;20px||0px||false|false&#8220; custom_padding_phone=&#8220;0px||0px||false|false&#8220; global_colors_info=&#8220;{}&#8220; theme_builder_area=&#8220;post_content&#8220;][et_pb_row custom_padding_last_edited=&#8220;off|desktop&#8220; _builder_version=&#8220;4.24.3&#8243; _module_preset=&#8220;default&#8220; width=&#8220;100%&#8220; max_width=&#8220;1440px&#8220; custom_padding=&#8220;0px|0px|0px|0px|false|true&#8220; custom_padding_tablet=&#8220;0px|60px||60px|false|true&#8220; custom_padding_phone=&#8220;|30px||30px|false|true&#8220; global_colors_info=&#8220;{}&#8220; theme_builder_area=&#8220;post_content&#8220;][et_pb_column type=&#8220;4_4&#8243; _builder_version=&#8220;4.24.3&#8243; _module_preset=&#8220;default&#8220; global_colors_info=&#8220;{}&#8220; theme_builder_area=&#8220;post_content&#8220;][lwp_divi_breadcrumbs home_text=&#8220;Startseite&#8220; font_icon=&#8220;&#x35;||divi||400&#8243; use_before_icon=&#8220;off&#8220; use_custom_home_link=&#8220;off&#8220; link_color=&#8220;#2B2B2A&#8220; separator_color=&#8220;#2B2B2A&#8220; current_text_color=&#8220;#00A286&#8243; _builder_version=&#8220;4.24.3&#8243; _module_preset=&#8220;default&#8220; module_font=&#8220;Simplon Regular|||on|||||&#8220; module_text_color=&#8220;#2B2B2A&#8220; module_font_size=&#8220;17px&#8220; module_letter_spacing=&#8220;0.3px&#8220; module_text_color_last_edited=&#8220;off|desktop&#8220; global_colors_info=&#8220;{}&#8220; module_text_color__hover_enabled=&#8220;off|desktop&#8220; module_text_color__hover=&#8220;#00A286&#8243; link_color__hover_enabled=&#8220;on|desktop&#8220; link_color__hover=&#8220;#00A286&#8243; theme_builder_area=&#8220;post_content&#8220;][\/lwp_divi_breadcrumbs][\/et_pb_column][\/et_pb_row][\/et_pb_section][et_pb_section fb_built=&#8220;1&#8243; _builder_version=&#8220;4.24.3&#8243; _module_preset=&#8220;default&#8220; custom_padding=&#8220;20px||0px||false|false&#8220; hover_enabled=&#8220;0&#8243; global_colors_info=&#8220;{}&#8220; sticky_enabled=&#8220;0&#8243;][et_pb_row _builder_version=&#8220;4.24.3&#8243; _module_preset=&#8220;default&#8220; global_colors_info=&#8220;{}&#8220;][et_pb_column type=&#8220;4_4&#8243; _builder_version=&#8220;4.24.3&#8243; _module_preset=&#8220;default&#8220; global_colors_info=&#8220;{}&#8220;][et_pb_heading title=&#8220;Anforderung&#8220; _builder_version=&#8220;4.24.3&#8243; _module_preset=&#8220;default&#8220; title_level=&#8220;h2&#8243; title_font=&#8220;Simplon Light||||||||&#8220; title_text_color=&#8220;#00a286&#8243; title_font_size=&#8220;40px&#8220; title_letter_spacing=&#8220;0.3px&#8220; title_font_size_tablet=&#8220;40px&#8220; title_font_size_phone=&#8220;30px&#8220; title_font_size_last_edited=&#8220;on|phone&#8220; global_colors_info=&#8220;{}&#8220;][\/et_pb_heading][et_pb_text _builder_version=&#8220;4.24.3&#8243; _module_preset=&#8220;default&#8220; text_text_color=&#8220;#2B2B2A&#8220; text_font_size=&#8220;17px&#8220; text_letter_spacing=&#8220;0.3px&#8220; global_colors_info=&#8220;{}&#8220;]<\/p>\n<p>Durch die stetige Zunahme des Verkehrsaufkommens auf Autobahnen ist die Aufweitung und Entlastung von staugef\u00e4hrdeten Verkehrsknotenpunkten eine ma\u00dfgebliche Aufgabe der Verkehrsplanung der Autobahndirektionen.<\/p>\n<p>Entlang der mittelfr\u00e4nkischen Hauptverkehrsader BAB A73 sollte an der Anschlussstelle \u201eEbersdorf\u201c zur Bundesstra\u00dfe B303 ein solcher infrastruktureller Flaschenhals durch die Anlage weiterer Fahrstreifen ausgeweitet werden.<\/p>\n<p>Die Teilma\u00dfnahme TM 2 sah eine Verbreiterung um einen Fahrstreifen der \u00f6stlich an die AS-Rampe anschlie\u00dfenden Bundesstra\u00dfe B303 vor. Aufgrund bestehender Grunderwerbsgrenzen und Verkehrsfl\u00e4chen sowie Einrichtungen Dritter entlang des Dammfu\u00dfes, musste f\u00fcr den Bau des Fahrbahndamms eine \u00fcbersteile B\u00f6schungskonstruktion gew\u00e4hlt werden. Um die Auswirkung der Bauarbeiten auf den Verkehrsfluss zu minimieren, lag das Hauptaugenmerk der Planung auf einer m\u00f6glichst schnellen Bauzeit.<\/p>\n<p>[\/et_pb_text][\/et_pb_column][\/et_pb_row][\/et_pb_section][et_pb_section fb_built=&#8220;1&#8243; _builder_version=&#8220;4.24.3&#8243; _module_preset=&#8220;default&#8220; custom_padding=&#8220;0px||0px||false|false&#8220; global_colors_info=&#8220;{}&#8220;][et_pb_row custom_padding_last_edited=&#8220;on|phone&#8220; _builder_version=&#8220;4.24.3&#8243; _module_preset=&#8220;default&#8220; custom_padding_tablet=&#8220;&#8220; custom_padding_phone=&#8220;||0px||false|false&#8220; global_colors_info=&#8220;{}&#8220;][et_pb_column type=&#8220;4_4&#8243; _builder_version=&#8220;4.24.3&#8243; _module_preset=&#8220;default&#8220; global_colors_info=&#8220;{}&#8220;][et_pb_divider color=&#8220;#00a286&#8243; divider_weight=&#8220;2px&#8220; _builder_version=&#8220;4.24.3&#8243; _module_preset=&#8220;default&#8220; global_colors_info=&#8220;{}&#8220;][\/et_pb_divider][\/et_pb_column][\/et_pb_row][\/et_pb_section][et_pb_section fb_built=&#8220;1&#8243; _builder_version=&#8220;4.24.3&#8243; _module_preset=&#8220;default&#8220; custom_padding=&#8220;0px||0px||false|false&#8220; global_colors_info=&#8220;{}&#8220;][et_pb_row _builder_version=&#8220;4.24.3&#8243; _module_preset=&#8220;default&#8220; custom_padding=&#8220;||0px||false|false&#8220; global_colors_info=&#8220;{}&#8220;][et_pb_column type=&#8220;4_4&#8243; _builder_version=&#8220;4.24.3&#8243; _module_preset=&#8220;default&#8220; global_colors_info=&#8220;{}&#8220;][et_pb_heading title=&#8220;L\u00f6sung&#8220; _builder_version=&#8220;4.24.3&#8243; _module_preset=&#8220;default&#8220; title_level=&#8220;h2&#8243; title_font=&#8220;Simplon Light||||||||&#8220; title_text_color=&#8220;#00a286&#8243; title_font_size=&#8220;40px&#8220; title_letter_spacing=&#8220;0.3px&#8220; title_font_size_tablet=&#8220;40px&#8220; title_font_size_phone=&#8220;30px&#8220; title_font_size_last_edited=&#8220;on|phone&#8220; title_line_height_tablet=&#8220;1.2em&#8220; title_line_height_phone=&#8220;1.5em&#8220; title_line_height_last_edited=&#8220;on|phone&#8220; global_colors_info=&#8220;{}&#8220;][\/et_pb_heading][\/et_pb_column][\/et_pb_row][et_pb_row column_structure=&#8220;1_2,1_2&#8243; _builder_version=&#8220;4.24.3&#8243; _module_preset=&#8220;default&#8220; global_colors_info=&#8220;{}&#8220;][et_pb_column type=&#8220;1_2&#8243; _builder_version=&#8220;4.24.3&#8243; _module_preset=&#8220;default&#8220; global_colors_info=&#8220;{}&#8220;][et_pb_text _builder_version=&#8220;4.24.3&#8243; _module_preset=&#8220;default&#8220; text_text_color=&#8220;#2B2B2A&#8220; text_font_size=&#8220;17px&#8220; text_letter_spacing=&#8220;0.3px&#8220; custom_padding=&#8220;||0px|||&#8220; global_colors_info=&#8220;{}&#8220;]<\/p>\n<p><span>Durch die positive Erfahrung, in Bezug auf Einfachheit und schnellen Baufortschritt, mit dem System GREEN TERRAMESH beim vergleichbaren Bauvorhaben BAB A73 Abfahrt Erlangen-Nord, wurde mit der Autobahndirektion Nordbayern ein gemeinsames L\u00f6sungskonzept f\u00fcr die Ma\u00dfnahme am Knoten Ebersdorf angestrebt. Entlang des ca. 120 m langen Teilst\u00fccks der B303 sollte durch das 70\u00b0 steile, ingenieurgeologische Bauwerk eine Fl\u00e4chenerweiterung der Bundesstra\u00dfe um einen Fahrstreifen, ohne weiteren Fl\u00e4chenerwerb unterhalb der B\u00f6schung, erzielt werden. Da eine pflegeleichte und optisch ansprechende L\u00f6sung gew\u00fcnscht war, wurde im gemeinsamen Beratungstermin eine Frontgestaltung in Gabionenoptik der Systeml\u00f6sung TERRAMESH ausgew\u00e4hlt.\u00a0<\/span><\/p>\n<p>[\/et_pb_text][\/et_pb_column][et_pb_column type=&#8220;1_2&#8243; _builder_version=&#8220;4.24.3&#8243; _module_preset=&#8220;default&#8220; global_colors_info=&#8220;{}&#8220;][et_pb_image src=&#8220;https:\/\/www.beco-bermueller.de\/wp-content\/uploads\/2024\/07\/boeschungssicherung-1.webp&#8220; alt=&#8220;b\u00f6schungssicherung&#8220; title_text=&#8220;b\u00f6schungssicherung&#8220; _builder_version=&#8220;4.24.3&#8243; _module_preset=&#8220;default&#8220; custom_margin=&#8220;||5px||false|false&#8220; global_colors_info=&#8220;{}&#8220;][\/et_pb_image][et_pb_text _builder_version=&#8220;4.24.3&#8243; _module_preset=&#8220;default&#8220; text_text_color=&#8220;#2B2B2A&#8220; text_font_size=&#8220;15px&#8220; text_letter_spacing=&#8220;0.3px&#8220; global_colors_info=&#8220;{}&#8220;]<\/p>\n<p><span>Regelquerschnitt der Steilb\u00f6schung mit Fahrbahnaufbau<\/span><\/p>\n<p>[\/et_pb_text][\/et_pb_column][\/et_pb_row][et_pb_row _builder_version=&#8220;4.24.3&#8243; _module_preset=&#8220;default&#8220; global_colors_info=&#8220;{}&#8220;][et_pb_column type=&#8220;4_4&#8243; _builder_version=&#8220;4.24.3&#8243; _module_preset=&#8220;default&#8220; global_colors_info=&#8220;{}&#8220;][et_pb_text _builder_version=&#8220;4.24.3&#8243; _module_preset=&#8220;default&#8220; text_text_color=&#8220;#2B2B2A&#8220; text_font_size=&#8220;17px&#8220; text_letter_spacing=&#8220;0.3px&#8220; custom_padding=&#8220;||0px|||&#8220; global_colors_info=&#8220;{}&#8220;]<\/p>\n<p><span>Die Hinterf\u00fcllung des vollverzinkten Frontelements aus Gabionenstahl, mit einer Maschenweite von 5 cm sollte durch grobes gebrochenes Steinmaterial erfolgen. Aufgrund der erforderlichen Tiefenentw\u00e4sserung der B\u00f6schung wurde zudem eine Gr\u00fcndung der Steilb\u00f6schungskonstruktion von einem Meter unter \u00f6FW-Niveau notwendig. Dank des hohen Grads an werkseitiger Vormontage von TERRAMESH war ein z\u00fcgig fortschreitender Bauablauf durchweg m\u00f6glich. Die Robustheit der Bewehrungslagen aus Stahldrahtgeflecht stellte sich im Baufortschritt als ein deutlicher Vorteil heraus, da diese zur Verf\u00fcllung und Verdichtung direkt von Radfahrzeugen befahren werden konnte und kein m\u00fchsamer Vor-Kopf Einbau notwendig war.<\/span><\/p>\n<p>[\/et_pb_text][\/et_pb_column][\/et_pb_row][et_pb_row custom_padding_last_edited=&#8220;on|phone&#8220; _builder_version=&#8220;4.24.3&#8243; _module_preset=&#8220;default&#8220; custom_padding_tablet=&#8220;&#8220; custom_padding_phone=&#8220;||0px||false|false&#8220; global_colors_info=&#8220;{}&#8220;][et_pb_column type=&#8220;4_4&#8243; _builder_version=&#8220;4.24.3&#8243; _module_preset=&#8220;default&#8220; global_colors_info=&#8220;{}&#8220;][et_pb_divider color=&#8220;#00a286&#8243; divider_weight=&#8220;2px&#8220; _builder_version=&#8220;4.24.3&#8243; _module_preset=&#8220;default&#8220; custom_margin=&#8220;||||false|false&#8220; global_colors_info=&#8220;{}&#8220;][\/et_pb_divider][\/et_pb_column][\/et_pb_row][\/et_pb_section][et_pb_section fb_built=&#8220;1&#8243; _builder_version=&#8220;4.24.3&#8243; _module_preset=&#8220;default&#8220; custom_padding=&#8220;0px||0px||false|false&#8220; global_colors_info=&#8220;{}&#8220;][et_pb_row _builder_version=&#8220;4.24.3&#8243; _module_preset=&#8220;default&#8220; custom_padding=&#8220;||0px||false|false&#8220; global_colors_info=&#8220;{}&#8220;][et_pb_column type=&#8220;4_4&#8243; _builder_version=&#8220;4.24.3&#8243; _module_preset=&#8220;default&#8220; global_colors_info=&#8220;{}&#8220;][et_pb_heading title=&#8220;Ergebnis&#8220; _builder_version=&#8220;4.24.3&#8243; _module_preset=&#8220;default&#8220; title_level=&#8220;h2&#8243; title_font=&#8220;Simplon Light||||||||&#8220; title_text_color=&#8220;#00a286&#8243; title_font_size=&#8220;40px&#8220; title_letter_spacing=&#8220;0.3px&#8220; title_font_size_tablet=&#8220;40px&#8220; title_font_size_phone=&#8220;30px&#8220; title_font_size_last_edited=&#8220;on|phone&#8220; title_line_height_tablet=&#8220;1.2em&#8220; title_line_height_phone=&#8220;1.5em&#8220; title_line_height_last_edited=&#8220;on|phone&#8220; global_colors_info=&#8220;{}&#8220;][\/et_pb_heading][\/et_pb_column][\/et_pb_row][et_pb_row column_structure=&#8220;1_2,1_2&#8243; _builder_version=&#8220;4.24.3&#8243; _module_preset=&#8220;default&#8220; global_colors_info=&#8220;{}&#8220;][et_pb_column type=&#8220;1_2&#8243; _builder_version=&#8220;4.24.3&#8243; _module_preset=&#8220;default&#8220; global_colors_info=&#8220;{}&#8220;][et_pb_image src=&#8220;https:\/\/www.beco-bermueller.de\/wp-content\/uploads\/2024\/07\/fahrstreifenerweiterung.webp&#8220; alt=&#8220;fahrstreifenerweiterung&#8220; title_text=&#8220;fahrstreifenerweiterung&#8220; _builder_version=&#8220;4.24.3&#8243; _module_preset=&#8220;default&#8220; custom_margin=&#8220;||5px||false|false&#8220; global_colors_info=&#8220;{}&#8220;][\/et_pb_image][\/et_pb_column][et_pb_column type=&#8220;1_2&#8243; _builder_version=&#8220;4.24.3&#8243; _module_preset=&#8220;default&#8220; global_colors_info=&#8220;{}&#8220;][et_pb_text _builder_version=&#8220;4.24.3&#8243; _module_preset=&#8220;default&#8220; text_text_color=&#8220;#2B2B2A&#8220; text_font_size=&#8220;17px&#8220; text_letter_spacing=&#8220;0.3px&#8220; custom_padding=&#8220;||0px|||&#8220; global_colors_info=&#8220;{}&#8220;]<\/p>\n<p><span>Vom Beginn des Einbaus der TERRAMESH Elemente bis zur Fertigstellung lagen nur 15 Werktage, wobei der Elementaufbau aufgrund von Kanalarbeiten f\u00fcr 5 Tage unterbrochen wurde, sodass sich eine effektive Bauzeit von zehn Tagen ergab. Durch das ingenieurgeologische Bauwerk TERRAMESH konnte der Autobahndirektion eine z\u00fcgig errichtete, optisch ansprechende L\u00f6sung zur Ausf\u00fchrung einer \u00fcbersteilen B\u00f6schungskonstruktion geboten werden.<\/span><\/p>\n<p>[\/et_pb_text][\/et_pb_column][\/et_pb_row][et_pb_row custom_padding_last_edited=&#8220;on|phone&#8220; _builder_version=&#8220;4.24.3&#8243; _module_preset=&#8220;default&#8220; custom_padding_tablet=&#8220;&#8220; custom_padding_phone=&#8220;||0px||false|false&#8220; global_colors_info=&#8220;{}&#8220;][et_pb_column type=&#8220;4_4&#8243; _builder_version=&#8220;4.24.3&#8243; _module_preset=&#8220;default&#8220; global_colors_info=&#8220;{}&#8220;][et_pb_divider color=&#8220;#00a286&#8243; divider_weight=&#8220;2px&#8220; _builder_version=&#8220;4.24.3&#8243; _module_preset=&#8220;default&#8220; custom_margin=&#8220;||||false|false&#8220; global_colors_info=&#8220;{}&#8220;][\/et_pb_divider][\/et_pb_column][\/et_pb_row][\/et_pb_section][et_pb_section fb_built=&#8220;1&#8243; _builder_version=&#8220;4.24.3&#8243; _module_preset=&#8220;default&#8220; custom_padding=&#8220;0px||0px||false|false&#8220; global_colors_info=&#8220;{}&#8220;][et_pb_row _builder_version=&#8220;4.24.3&#8243; _module_preset=&#8220;default&#8220; custom_padding=&#8220;||0px||false|false&#8220; global_colors_info=&#8220;{}&#8220;][et_pb_column type=&#8220;4_4&#8243; _builder_version=&#8220;4.24.3&#8243; _module_preset=&#8220;default&#8220; global_colors_info=&#8220;{}&#8220;][et_pb_heading title=&#8220;Vorteile&#8220; _builder_version=&#8220;4.24.3&#8243; _module_preset=&#8220;default&#8220; title_level=&#8220;h2&#8243; title_font=&#8220;Simplon Light||||||||&#8220; title_text_color=&#8220;#00a286&#8243; title_font_size=&#8220;40px&#8220; title_letter_spacing=&#8220;0.3px&#8220; title_font_size_tablet=&#8220;40px&#8220; title_font_size_phone=&#8220;30px&#8220; title_font_size_last_edited=&#8220;on|phone&#8220; title_line_height_tablet=&#8220;1.2em&#8220; title_line_height_phone=&#8220;1.5em&#8220; title_line_height_last_edited=&#8220;on|phone&#8220; global_colors_info=&#8220;{}&#8220;][\/et_pb_heading][\/et_pb_column][\/et_pb_row][et_pb_row column_structure=&#8220;1_2,1_2&#8243; _builder_version=&#8220;4.24.3&#8243; _module_preset=&#8220;default&#8220; global_colors_info=&#8220;{}&#8220;][et_pb_column type=&#8220;1_2&#8243; _builder_version=&#8220;4.24.3&#8243; _module_preset=&#8220;default&#8220; global_colors_info=&#8220;{}&#8220;][et_pb_text _builder_version=&#8220;4.24.3&#8243; _module_preset=&#8220;default&#8220; text_text_color=&#8220;#2B2B2A&#8220; text_font_size=&#8220;17px&#8220; text_letter_spacing=&#8220;0.3px&#8220; custom_padding=&#8220;||0px|||&#8220; global_colors_info=&#8220;{}&#8220;]<\/p>\n<ul>\n<li>Baustellenbetreuung und Einweisung durch Technische Fachberater und Anwendungstechnik<\/li>\n<li>Hohe Robustheit und einfache Bef\u00fcllung<\/li>\n<li>Schneller und sicherer Systemaufbau durch vormontierte Elemente<\/li>\n<li>Z\u00fcgiger Baufortschritt durch Befahrbarkeit<\/li>\n<li>Hohe Systemsicherheit durch Umschlagtechnik<\/li>\n<\/ul>\n<p>[\/et_pb_text][\/et_pb_column][et_pb_column type=&#8220;1_2&#8243; _builder_version=&#8220;4.24.3&#8243; _module_preset=&#8220;default&#8220; global_colors_info=&#8220;{}&#8220;][et_pb_image src=&#8220;https:\/\/www.beco-bermueller.de\/wp-content\/uploads\/2024\/07\/bewehrte-erde-2.webp&#8220; alt=&#8220;bewehrte erde&#8220; title_text=&#8220;bewehrte erde&#8220; _builder_version=&#8220;4.24.3&#8243; _module_preset=&#8220;default&#8220; custom_margin=&#8220;||5px||false|false&#8220; global_colors_info=&#8220;{}&#8220;][\/et_pb_image][\/et_pb_column][\/et_pb_row][\/et_pb_section]<\/p>\n","protected":false},"excerpt":{"rendered":"<p>Verbreiterung eines Fahrstreifens durch die Systeml\u00f6sung TERRAMESH in Gabionenoptik&#8230;<\/p>","protected":false},"author":1,"featured_media":2023,"comment_status":"closed","ping_status":"open","sticky":false,"template":"","format":"standard","meta":{"_et_pb_use_builder":"on","_et_pb_old_content":"","_et_gb_content_width":"1080","inline_featured_image":false,"footnotes":""},"categories":[8],"tags":[],"class_list":["post-2021","post","type-post","status-publish","format-standard","has-post-thumbnail","hentry","category-praxisberichte"],"yoast_head":"<!-- This site is optimized with the Yoast SEO plugin v27.4 - https:\/\/yoast.com\/product\/yoast-seo-wordpress\/ -->\n<title>Fahrstreifenerweiterung Knotenpunkt A73\/B303 bei Ebersdorf<\/title>\n<meta name=\"description\" content=\"Fahrstreifenerweiterung vom Knotenpunkt A73\/B303 bei Ebersdorf durch die Systeml\u00f6sung TERRAMESH in Gabionenoptik | BECO BERM\u00dcLLER\" \/>\n<meta name=\"robots\" content=\"index, follow, max-snippet:-1, max-image-preview:large, max-video-preview:-1\" \/>\n<link rel=\"canonical\" href=\"https:\/\/www.beco-bermueller.de\/at\/fahrstreifenerweiterung-knotenpunkt-a73-b303-bei-ebersdorf\/\" \/>\n<meta property=\"og:locale\" content=\"de_DE\" \/>\n<meta property=\"og:type\" content=\"article\" \/>\n<meta property=\"og:title\" content=\"Fahrstreifenerweiterung Knotenpunkt A73\/B303 bei Ebersdorf\" \/>\n<meta property=\"og:description\" content=\"Fahrstreifenerweiterung vom Knotenpunkt A73\/B303 bei Ebersdorf durch die Systeml\u00f6sung TERRAMESH in Gabionenoptik | BECO BERM\u00dcLLER\" \/>\n<meta property=\"og:url\" content=\"https:\/\/www.beco-bermueller.de\/at\/fahrstreifenerweiterung-knotenpunkt-a73-b303-bei-ebersdorf\/\" \/>\n<meta property=\"og:site_name\" content=\"BECO BERM\u00dcLLER\" \/>\n<meta property=\"article:publisher\" content=\"https:\/\/www.facebook.com\/becobermueller\/\" \/>\n<meta property=\"article:published_time\" content=\"2024-07-22T10:41:57+00:00\" \/>\n<meta property=\"article:modified_time\" content=\"2024-10-08T13:59:49+00:00\" \/>\n<meta property=\"og:image\" content=\"https:\/\/www.beco-bermueller.de\/wp-content\/uploads\/2024\/07\/terramesh-1.webp\" \/>\n\t<meta property=\"og:image:width\" content=\"991\" \/>\n\t<meta property=\"og:image:height\" content=\"743\" \/>\n\t<meta property=\"og:image:type\" content=\"image\/webp\" \/>\n<meta name=\"author\" content=\"yasemin.yueksel\" \/>\n<meta name=\"twitter:card\" content=\"summary_large_image\" \/>\n<meta name=\"twitter:label1\" content=\"Verfasst von\" \/>\n\t<meta name=\"twitter:data1\" content=\"yasemin.yueksel\" \/>\n\t<meta name=\"twitter:label2\" content=\"Gesch\u00e4tzte Lesezeit\" \/>\n\t<meta name=\"twitter:data2\" content=\"4 Minuten\" \/>\n<script type=\"application\/ld+json\" class=\"yoast-schema-graph\">{\"@context\":\"https:\\\/\\\/schema.org\",\"@graph\":[{\"@type\":\"Article\",\"@id\":\"https:\\\/\\\/www.beco-bermueller.de\\\/at\\\/fahrstreifenerweiterung-knotenpunkt-a73-b303-bei-ebersdorf\\\/#article\",\"isPartOf\":{\"@id\":\"https:\\\/\\\/www.beco-bermueller.de\\\/at\\\/fahrstreifenerweiterung-knotenpunkt-a73-b303-bei-ebersdorf\\\/\"},\"author\":{\"name\":\"yasemin.yueksel\",\"@id\":\"http:\\\/\\\/www.beco-bermueller.de\\\/en\\\/#\\\/schema\\\/person\\\/5ce9c1cfb35a467c998389de68d8787d\"},\"headline\":\"Fahrstreifenerweiterung Knotenpunkt A73\\\/B303 bei Ebersdorf\",\"datePublished\":\"2024-07-22T10:41:57+00:00\",\"dateModified\":\"2024-10-08T13:59:49+00:00\",\"mainEntityOfPage\":{\"@id\":\"https:\\\/\\\/www.beco-bermueller.de\\\/at\\\/fahrstreifenerweiterung-knotenpunkt-a73-b303-bei-ebersdorf\\\/\"},\"wordCount\":2045,\"publisher\":{\"@id\":\"http:\\\/\\\/www.beco-bermueller.de\\\/en\\\/#organization\"},\"image\":{\"@id\":\"https:\\\/\\\/www.beco-bermueller.de\\\/at\\\/fahrstreifenerweiterung-knotenpunkt-a73-b303-bei-ebersdorf\\\/#primaryimage\"},\"thumbnailUrl\":\"https:\\\/\\\/www.beco-bermueller.de\\\/wp-content\\\/uploads\\\/2024\\\/07\\\/terramesh-1.webp\",\"articleSection\":[\"Praxisberichte\"],\"inLanguage\":\"de-AT\"},{\"@type\":\"WebPage\",\"@id\":\"https:\\\/\\\/www.beco-bermueller.de\\\/at\\\/fahrstreifenerweiterung-knotenpunkt-a73-b303-bei-ebersdorf\\\/\",\"url\":\"https:\\\/\\\/www.beco-bermueller.de\\\/at\\\/fahrstreifenerweiterung-knotenpunkt-a73-b303-bei-ebersdorf\\\/\",\"name\":\"Fahrstreifenerweiterung Knotenpunkt A73\\\/B303 bei Ebersdorf\",\"isPartOf\":{\"@id\":\"http:\\\/\\\/www.beco-bermueller.de\\\/en\\\/#website\"},\"primaryImageOfPage\":{\"@id\":\"https:\\\/\\\/www.beco-bermueller.de\\\/at\\\/fahrstreifenerweiterung-knotenpunkt-a73-b303-bei-ebersdorf\\\/#primaryimage\"},\"image\":{\"@id\":\"https:\\\/\\\/www.beco-bermueller.de\\\/at\\\/fahrstreifenerweiterung-knotenpunkt-a73-b303-bei-ebersdorf\\\/#primaryimage\"},\"thumbnailUrl\":\"https:\\\/\\\/www.beco-bermueller.de\\\/wp-content\\\/uploads\\\/2024\\\/07\\\/terramesh-1.webp\",\"datePublished\":\"2024-07-22T10:41:57+00:00\",\"dateModified\":\"2024-10-08T13:59:49+00:00\",\"description\":\"Fahrstreifenerweiterung vom Knotenpunkt A73\\\/B303 bei Ebersdorf durch die Systeml\u00f6sung TERRAMESH in Gabionenoptik | BECO BERM\u00dcLLER\",\"breadcrumb\":{\"@id\":\"https:\\\/\\\/www.beco-bermueller.de\\\/at\\\/fahrstreifenerweiterung-knotenpunkt-a73-b303-bei-ebersdorf\\\/#breadcrumb\"},\"inLanguage\":\"de-AT\",\"potentialAction\":[{\"@type\":\"ReadAction\",\"target\":[\"https:\\\/\\\/www.beco-bermueller.de\\\/at\\\/fahrstreifenerweiterung-knotenpunkt-a73-b303-bei-ebersdorf\\\/\"]}]},{\"@type\":\"ImageObject\",\"inLanguage\":\"de-AT\",\"@id\":\"https:\\\/\\\/www.beco-bermueller.de\\\/at\\\/fahrstreifenerweiterung-knotenpunkt-a73-b303-bei-ebersdorf\\\/#primaryimage\",\"url\":\"https:\\\/\\\/www.beco-bermueller.de\\\/wp-content\\\/uploads\\\/2024\\\/07\\\/terramesh-1.webp\",\"contentUrl\":\"https:\\\/\\\/www.beco-bermueller.de\\\/wp-content\\\/uploads\\\/2024\\\/07\\\/terramesh-1.webp\",\"width\":991,\"height\":743,\"caption\":\"terramesh\"},{\"@type\":\"BreadcrumbList\",\"@id\":\"https:\\\/\\\/www.beco-bermueller.de\\\/at\\\/fahrstreifenerweiterung-knotenpunkt-a73-b303-bei-ebersdorf\\\/#breadcrumb\",\"itemListElement\":[{\"@type\":\"ListItem\",\"position\":1,\"name\":\"Startseite\",\"item\":\"https:\\\/\\\/www.beco-bermueller.de\\\/de\\\/\"},{\"@type\":\"ListItem\",\"position\":2,\"name\":\"Fahrstreifenerweiterung Knotenpunkt A73\\\/B303 bei Ebersdorf\"}]},{\"@type\":\"WebSite\",\"@id\":\"http:\\\/\\\/www.beco-bermueller.de\\\/en\\\/#website\",\"url\":\"http:\\\/\\\/www.beco-bermueller.de\\\/en\\\/\",\"name\":\"Beco Berm\u00fcller\",\"description\":\"\",\"publisher\":{\"@id\":\"http:\\\/\\\/www.beco-bermueller.de\\\/en\\\/#organization\"},\"potentialAction\":[{\"@type\":\"SearchAction\",\"target\":{\"@type\":\"EntryPoint\",\"urlTemplate\":\"http:\\\/\\\/www.beco-bermueller.de\\\/en\\\/?s={search_term_string}\"},\"query-input\":{\"@type\":\"PropertyValueSpecification\",\"valueRequired\":true,\"valueName\":\"search_term_string\"}}],\"inLanguage\":\"de-AT\"},{\"@type\":\"Organization\",\"@id\":\"http:\\\/\\\/www.beco-bermueller.de\\\/en\\\/#organization\",\"name\":\"Beco Berm\u00fcller\",\"url\":\"http:\\\/\\\/www.beco-bermueller.de\\\/en\\\/\",\"logo\":{\"@type\":\"ImageObject\",\"inLanguage\":\"de-AT\",\"@id\":\"http:\\\/\\\/www.beco-bermueller.de\\\/en\\\/#\\\/schema\\\/logo\\\/image\\\/\",\"url\":\"https:\\\/\\\/www.beco-bermueller.de\\\/wp-content\\\/uploads\\\/2024\\\/04\\\/BECO_BERMUELLER_Logo_RGB.svg\",\"contentUrl\":\"https:\\\/\\\/www.beco-bermueller.de\\\/wp-content\\\/uploads\\\/2024\\\/04\\\/BECO_BERMUELLER_Logo_RGB.svg\",\"width\":\"1024\",\"height\":\"1024\",\"caption\":\"Beco Berm\u00fcller\"},\"image\":{\"@id\":\"http:\\\/\\\/www.beco-bermueller.de\\\/en\\\/#\\\/schema\\\/logo\\\/image\\\/\"},\"sameAs\":[\"https:\\\/\\\/www.facebook.com\\\/becobermueller\\\/\",\"https:\\\/\\\/www.instagram.com\\\/beco_bermueller\\\/\"]},{\"@type\":\"Person\",\"@id\":\"http:\\\/\\\/www.beco-bermueller.de\\\/en\\\/#\\\/schema\\\/person\\\/5ce9c1cfb35a467c998389de68d8787d\",\"name\":\"yasemin.yueksel\",\"image\":{\"@type\":\"ImageObject\",\"inLanguage\":\"de-AT\",\"@id\":\"https:\\\/\\\/secure.gravatar.com\\\/avatar\\\/af9c3f31d72e844dd3bf7767d19a02605ec246a551910f5a8d6b62fe11efcc96?s=96&d=mm&r=g\",\"url\":\"https:\\\/\\\/secure.gravatar.com\\\/avatar\\\/af9c3f31d72e844dd3bf7767d19a02605ec246a551910f5a8d6b62fe11efcc96?s=96&d=mm&r=g\",\"contentUrl\":\"https:\\\/\\\/secure.gravatar.com\\\/avatar\\\/af9c3f31d72e844dd3bf7767d19a02605ec246a551910f5a8d6b62fe11efcc96?s=96&d=mm&r=g\",\"caption\":\"yasemin.yueksel\"},\"sameAs\":[\"https:\\\/\\\/www.beco-bermueller.de\\\/relaunch-24\"]}]}<\/script>\n<!-- \/ Yoast SEO plugin. -->","yoast_head_json":{"title":"Fahrstreifenerweiterung Knotenpunkt A73\/B303 bei Ebersdorf","description":"Fahrstreifenerweiterung vom Knotenpunkt A73\/B303 bei Ebersdorf durch die Systeml\u00f6sung TERRAMESH in Gabionenoptik | BECO BERM\u00dcLLER","robots":{"index":"index","follow":"follow","max-snippet":"max-snippet:-1","max-image-preview":"max-image-preview:large","max-video-preview":"max-video-preview:-1"},"canonical":"https:\/\/www.beco-bermueller.de\/at\/fahrstreifenerweiterung-knotenpunkt-a73-b303-bei-ebersdorf\/","og_locale":"de_DE","og_type":"article","og_title":"Fahrstreifenerweiterung Knotenpunkt A73\/B303 bei Ebersdorf","og_description":"Fahrstreifenerweiterung vom Knotenpunkt A73\/B303 bei Ebersdorf durch die Systeml\u00f6sung TERRAMESH in Gabionenoptik | BECO BERM\u00dcLLER","og_url":"https:\/\/www.beco-bermueller.de\/at\/fahrstreifenerweiterung-knotenpunkt-a73-b303-bei-ebersdorf\/","og_site_name":"BECO BERM\u00dcLLER","article_publisher":"https:\/\/www.facebook.com\/becobermueller\/","article_published_time":"2024-07-22T10:41:57+00:00","article_modified_time":"2024-10-08T13:59:49+00:00","og_image":[{"width":991,"height":743,"url":"https:\/\/www.beco-bermueller.de\/wp-content\/uploads\/2024\/07\/terramesh-1.webp","type":"image\/webp"}],"author":"yasemin.yueksel","twitter_card":"summary_large_image","twitter_misc":{"Verfasst von":"yasemin.yueksel","Gesch\u00e4tzte Lesezeit":"4 Minuten"},"schema":{"@context":"https:\/\/schema.org","@graph":[{"@type":"Article","@id":"https:\/\/www.beco-bermueller.de\/at\/fahrstreifenerweiterung-knotenpunkt-a73-b303-bei-ebersdorf\/#article","isPartOf":{"@id":"https:\/\/www.beco-bermueller.de\/at\/fahrstreifenerweiterung-knotenpunkt-a73-b303-bei-ebersdorf\/"},"author":{"name":"yasemin.yueksel","@id":"http:\/\/www.beco-bermueller.de\/en\/#\/schema\/person\/5ce9c1cfb35a467c998389de68d8787d"},"headline":"Fahrstreifenerweiterung Knotenpunkt A73\/B303 bei Ebersdorf","datePublished":"2024-07-22T10:41:57+00:00","dateModified":"2024-10-08T13:59:49+00:00","mainEntityOfPage":{"@id":"https:\/\/www.beco-bermueller.de\/at\/fahrstreifenerweiterung-knotenpunkt-a73-b303-bei-ebersdorf\/"},"wordCount":2045,"publisher":{"@id":"http:\/\/www.beco-bermueller.de\/en\/#organization"},"image":{"@id":"https:\/\/www.beco-bermueller.de\/at\/fahrstreifenerweiterung-knotenpunkt-a73-b303-bei-ebersdorf\/#primaryimage"},"thumbnailUrl":"https:\/\/www.beco-bermueller.de\/wp-content\/uploads\/2024\/07\/terramesh-1.webp","articleSection":["Praxisberichte"],"inLanguage":"de-AT"},{"@type":"WebPage","@id":"https:\/\/www.beco-bermueller.de\/at\/fahrstreifenerweiterung-knotenpunkt-a73-b303-bei-ebersdorf\/","url":"https:\/\/www.beco-bermueller.de\/at\/fahrstreifenerweiterung-knotenpunkt-a73-b303-bei-ebersdorf\/","name":"Fahrstreifenerweiterung Knotenpunkt A73\/B303 bei Ebersdorf","isPartOf":{"@id":"http:\/\/www.beco-bermueller.de\/en\/#website"},"primaryImageOfPage":{"@id":"https:\/\/www.beco-bermueller.de\/at\/fahrstreifenerweiterung-knotenpunkt-a73-b303-bei-ebersdorf\/#primaryimage"},"image":{"@id":"https:\/\/www.beco-bermueller.de\/at\/fahrstreifenerweiterung-knotenpunkt-a73-b303-bei-ebersdorf\/#primaryimage"},"thumbnailUrl":"https:\/\/www.beco-bermueller.de\/wp-content\/uploads\/2024\/07\/terramesh-1.webp","datePublished":"2024-07-22T10:41:57+00:00","dateModified":"2024-10-08T13:59:49+00:00","description":"Fahrstreifenerweiterung vom Knotenpunkt A73\/B303 bei Ebersdorf durch die Systeml\u00f6sung TERRAMESH in Gabionenoptik | BECO BERM\u00dcLLER","breadcrumb":{"@id":"https:\/\/www.beco-bermueller.de\/at\/fahrstreifenerweiterung-knotenpunkt-a73-b303-bei-ebersdorf\/#breadcrumb"},"inLanguage":"de-AT","potentialAction":[{"@type":"ReadAction","target":["https:\/\/www.beco-bermueller.de\/at\/fahrstreifenerweiterung-knotenpunkt-a73-b303-bei-ebersdorf\/"]}]},{"@type":"ImageObject","inLanguage":"de-AT","@id":"https:\/\/www.beco-bermueller.de\/at\/fahrstreifenerweiterung-knotenpunkt-a73-b303-bei-ebersdorf\/#primaryimage","url":"https:\/\/www.beco-bermueller.de\/wp-content\/uploads\/2024\/07\/terramesh-1.webp","contentUrl":"https:\/\/www.beco-bermueller.de\/wp-content\/uploads\/2024\/07\/terramesh-1.webp","width":991,"height":743,"caption":"terramesh"},{"@type":"BreadcrumbList","@id":"https:\/\/www.beco-bermueller.de\/at\/fahrstreifenerweiterung-knotenpunkt-a73-b303-bei-ebersdorf\/#breadcrumb","itemListElement":[{"@type":"ListItem","position":1,"name":"Startseite","item":"https:\/\/www.beco-bermueller.de\/de\/"},{"@type":"ListItem","position":2,"name":"Fahrstreifenerweiterung Knotenpunkt A73\/B303 bei Ebersdorf"}]},{"@type":"WebSite","@id":"http:\/\/www.beco-bermueller.de\/en\/#website","url":"http:\/\/www.beco-bermueller.de\/en\/","name":"Beco Berm\u00fcller","description":"","publisher":{"@id":"http:\/\/www.beco-bermueller.de\/en\/#organization"},"potentialAction":[{"@type":"SearchAction","target":{"@type":"EntryPoint","urlTemplate":"http:\/\/www.beco-bermueller.de\/en\/?s={search_term_string}"},"query-input":{"@type":"PropertyValueSpecification","valueRequired":true,"valueName":"search_term_string"}}],"inLanguage":"de-AT"},{"@type":"Organization","@id":"http:\/\/www.beco-bermueller.de\/en\/#organization","name":"Beco Berm\u00fcller","url":"http:\/\/www.beco-bermueller.de\/en\/","logo":{"@type":"ImageObject","inLanguage":"de-AT","@id":"http:\/\/www.beco-bermueller.de\/en\/#\/schema\/logo\/image\/","url":"https:\/\/www.beco-bermueller.de\/wp-content\/uploads\/2024\/04\/BECO_BERMUELLER_Logo_RGB.svg","contentUrl":"https:\/\/www.beco-bermueller.de\/wp-content\/uploads\/2024\/04\/BECO_BERMUELLER_Logo_RGB.svg","width":"1024","height":"1024","caption":"Beco Berm\u00fcller"},"image":{"@id":"http:\/\/www.beco-bermueller.de\/en\/#\/schema\/logo\/image\/"},"sameAs":["https:\/\/www.facebook.com\/becobermueller\/","https:\/\/www.instagram.com\/beco_bermueller\/"]},{"@type":"Person","@id":"http:\/\/www.beco-bermueller.de\/en\/#\/schema\/person\/5ce9c1cfb35a467c998389de68d8787d","name":"yasemin.yueksel","image":{"@type":"ImageObject","inLanguage":"de-AT","@id":"https:\/\/secure.gravatar.com\/avatar\/af9c3f31d72e844dd3bf7767d19a02605ec246a551910f5a8d6b62fe11efcc96?s=96&d=mm&r=g","url":"https:\/\/secure.gravatar.com\/avatar\/af9c3f31d72e844dd3bf7767d19a02605ec246a551910f5a8d6b62fe11efcc96?s=96&d=mm&r=g","contentUrl":"https:\/\/secure.gravatar.com\/avatar\/af9c3f31d72e844dd3bf7767d19a02605ec246a551910f5a8d6b62fe11efcc96?s=96&d=mm&r=g","caption":"yasemin.yueksel"},"sameAs":["https:\/\/www.beco-bermueller.de\/relaunch-24"]}]}},"_links":{"self":[{"href":"https:\/\/www.beco-bermueller.de\/at\/wp-json\/wp\/v2\/posts\/2021","targetHints":{"allow":["GET"]}}],"collection":[{"href":"https:\/\/www.beco-bermueller.de\/at\/wp-json\/wp\/v2\/posts"}],"about":[{"href":"https:\/\/www.beco-bermueller.de\/at\/wp-json\/wp\/v2\/types\/post"}],"author":[{"embeddable":true,"href":"https:\/\/www.beco-bermueller.de\/at\/wp-json\/wp\/v2\/users\/1"}],"replies":[{"embeddable":true,"href":"https:\/\/www.beco-bermueller.de\/at\/wp-json\/wp\/v2\/comments?post=2021"}],"version-history":[{"count":0,"href":"https:\/\/www.beco-bermueller.de\/at\/wp-json\/wp\/v2\/posts\/2021\/revisions"}],"wp:featuredmedia":[{"embeddable":true,"href":"https:\/\/www.beco-bermueller.de\/at\/wp-json\/wp\/v2\/media\/2023"}],"wp:attachment":[{"href":"https:\/\/www.beco-bermueller.de\/at\/wp-json\/wp\/v2\/media?parent=2021"}],"wp:term":[{"taxonomy":"category","embeddable":true,"href":"https:\/\/www.beco-bermueller.de\/at\/wp-json\/wp\/v2\/categories?post=2021"},{"taxonomy":"post_tag","embeddable":true,"href":"https:\/\/www.beco-bermueller.de\/at\/wp-json\/wp\/v2\/tags?post=2021"}],"curies":[{"name":"wp","href":"https:\/\/api.w.org\/{rel}","templated":true}]}}