{"id":4423,"date":"2024-09-04T09:46:07","date_gmt":"2024-09-04T07:46:07","guid":{"rendered":"https:\/\/www.beco-bermueller.de\/?p=4423"},"modified":"2024-10-08T13:57:23","modified_gmt":"2024-10-08T11:57:23","slug":"wir-sind-auf-der-baugrundtagung-2024","status":"publish","type":"post","link":"https:\/\/www.beco-bermueller.de\/de\/wir-sind-auf-der-baugrundtagung-2024\/","title":{"rendered":"Wir sind auf der Baugrundtagung 2024!"},"content":{"rendered":"<p>[et_pb_section fb_built=&#8220;1&#8243; _builder_version=&#8220;4.24.3&#8243; _module_preset=&#8220;default&#8220; custom_padding=&#8220;0px||0px||false|false&#8220; hover_enabled=&#8220;0&#8243; global_colors_info=&#8220;{}&#8220; sticky_enabled=&#8220;0&#8243;][et_pb_row column_structure=&#8220;1_2,1_2&#8243; _builder_version=&#8220;4.24.3&#8243; _module_preset=&#8220;default&#8220; hover_enabled=&#8220;0&#8243; global_colors_info=&#8220;{}&#8220; custom_padding=&#8220;0px||||false|false&#8220; sticky_enabled=&#8220;0&#8243;][et_pb_column type=&#8220;1_2&#8243; _builder_version=&#8220;4.24.3&#8243; _module_preset=&#8220;default&#8220; global_colors_info=&#8220;{}&#8220;][et_pb_text _builder_version=&#8220;4.24.3&#8243; _module_preset=&#8220;default&#8220; text_text_color=&#8220;#00A286&#8243; text_font_size=&#8220;15px&#8220; text_letter_spacing=&#8220;0.3px&#8220; custom_margin=&#8220;||0px||false|false&#8220; global_colors_info=&#8220;{}&#8220;]<\/p>\n<p class=\"h4\">26.09.2024<\/p>\n<ol><\/ol>\n<p>[\/et_pb_text][et_pb_heading title=&#8220;Wir sind auf der Baugrundtagung 2024!&#8220; _builder_version=&#8220;4.24.3&#8243; _module_preset=&#8220;default&#8220; title_font=&#8220;Simplon Light||||||||&#8220; title_text_color=&#8220;#2B2B2A&#8220; title_font_size=&#8220;50px&#8220; title_letter_spacing=&#8220;0.3px&#8220; title_font_size_tablet=&#8220;60px&#8220; title_font_size_phone=&#8220;40px&#8220; title_font_size_last_edited=&#8220;on|phone&#8220; global_colors_info=&#8220;{}&#8220;][\/et_pb_heading][et_pb_text _builder_version=&#8220;4.24.3&#8243; _module_preset=&#8220;default&#8220; text_text_color=&#8220;#2B2B2A&#8220; text_font_size=&#8220;17px&#8220; text_letter_spacing=&#8220;0.3px&#8220; global_colors_info=&#8220;{}&#8220;]<\/p>\n<p class=\"h4\"><span>Besuchen Sie uns auf der Fachausstellung Geotechnik der 38. Baugrundtagung des DGGT vom\u00a0<\/span><strong>26. &#8211; 27. September 2024<\/strong><span>\u00a0in Bremen<\/span><\/p>\n<ol><\/ol>\n<p>[\/et_pb_text][\/et_pb_column][et_pb_column type=&#8220;1_2&#8243; _builder_version=&#8220;4.24.3&#8243; _module_preset=&#8220;default&#8220; custom_padding=&#8220;||||false|false&#8220; global_colors_info=&#8220;{}&#8220;][et_pb_image src=&#8220;https:\/\/www.beco-bermueller.de\/wp-content\/uploads\/2024\/09\/beco_baugrundtagug_2024.991&#215;0-generated_80-jpg.webp&#8220; alt=&#8220;beco_baugrundtagug&#8220; title_text=&#8220;beco_baugrundtagug&#8220; _builder_version=&#8220;4.24.3&#8243; _module_preset=&#8220;default&#8220; custom_margin=&#8220;||||false|false&#8220; custom_padding=&#8220;||||false|false&#8220; custom_css_free_form=&#8220;.custom-image-overlay:after {||    content: %22%22;||    display: block;||    position: absolute;||    top: 0; \/* Oben am Bild ausgerichtet *\/||    right: 0; \/* Am rechten Rand des Bildes *\/||    bottom: 0; \/* Unten am Bild ausgerichtet *\/||    width: 23%; \/* Breite des Overlays *\/||  mix-blend-mode: multiply;||    background: rgba(0, 162, 134, 1);||    z-index: 1;||}||&#8220; global_colors_info=&#8220;{}&#8220;][\/et_pb_image][\/et_pb_column][\/et_pb_row][\/et_pb_section][et_pb_section fb_built=&#8220;1&#8243; custom_padding_last_edited=&#8220;off|tablet&#8220; admin_label=&#8220;section&#8220; _builder_version=&#8220;4.24.3&#8243; background_enable_color=&#8220;off&#8220; custom_margin=&#8220;||||false|false&#8220; custom_padding=&#8220;10px||10px||false|false&#8220; custom_padding_tablet=&#8220;20px||0px||false|false&#8220; custom_padding_phone=&#8220;0px||0px||false|false&#8220; global_colors_info=&#8220;{}&#8220;][et_pb_row custom_padding_last_edited=&#8220;off|desktop&#8220; _builder_version=&#8220;4.24.3&#8243; _module_preset=&#8220;default&#8220; width=&#8220;100%&#8220; max_width=&#8220;1440px&#8220; custom_padding=&#8220;0px|0px|0px|0px|false|true&#8220; custom_padding_tablet=&#8220;0px|60px||60px|false|true&#8220; custom_padding_phone=&#8220;|30px||30px|false|true&#8220; global_colors_info=&#8220;{}&#8220;][et_pb_column type=&#8220;4_4&#8243; _builder_version=&#8220;4.24.3&#8243; _module_preset=&#8220;default&#8220; global_colors_info=&#8220;{}&#8220;][lwp_divi_breadcrumbs home_text=&#8220;Startseite&#8220; font_icon=&#8220;&#x35;||divi||400&#8243; use_before_icon=&#8220;off&#8220; use_custom_home_link=&#8220;off&#8220; link_color=&#8220;#2B2B2A&#8220; separator_color=&#8220;#2B2B2A&#8220; current_text_color=&#8220;#00A286&#8243; _builder_version=&#8220;4.24.3&#8243; _module_preset=&#8220;default&#8220; module_font=&#8220;Simplon Regular|||on|||||&#8220; module_text_color=&#8220;#2B2B2A&#8220; module_font_size=&#8220;17px&#8220; module_letter_spacing=&#8220;0.3px&#8220; module_text_color_last_edited=&#8220;off|desktop&#8220; global_colors_info=&#8220;{}&#8220; module_text_color__hover_enabled=&#8220;off|desktop&#8220; module_text_color__hover=&#8220;#00A286&#8243; link_color__hover_enabled=&#8220;on|desktop&#8220; link_color__hover=&#8220;#00A286&#8243;][\/lwp_divi_breadcrumbs][\/et_pb_column][\/et_pb_row][\/et_pb_section][et_pb_section fb_built=&#8220;1&#8243; _builder_version=&#8220;4.24.3&#8243; _module_preset=&#8220;default&#8220; custom_padding=&#8220;0px||0px||false|false&#8220; global_colors_info=&#8220;{}&#8220;][et_pb_row _builder_version=&#8220;4.24.3&#8243; _module_preset=&#8220;default&#8220; custom_padding=&#8220;||||false|false&#8220; global_colors_info=&#8220;{}&#8220;][et_pb_column type=&#8220;4_4&#8243; _builder_version=&#8220;4.24.3&#8243; _module_preset=&#8220;default&#8220; global_colors_info=&#8220;{}&#8220;][et_pb_text _builder_version=&#8220;4.24.3&#8243; _module_preset=&#8220;default&#8220; text_text_color=&#8220;#2B2B2A&#8220; text_font_size=&#8220;17px&#8220; text_letter_spacing=&#8220;0.3px&#8220; global_colors_info=&#8220;{}&#8220;]<\/p>\n<p>Die 38. Baugrundtagung mit Fachausstellung Geotechnik, veranstaltet von der Deutschen Gesellschaft f\u00fcr Geotechnik e.V. (DGGT), bringt Fachleute aus der Geotechnikbranche zusammen, um neueste Erkenntnisse und Entwicklungen zu pr\u00e4sentieren und zu diskutieren. Schwerpunkte der Tagung sind unter anderem Bodenmechanik, Grundbau, Spezialtiefbau und Umweltgeotechnik.<\/p>\n<p>Unsere Teilnahme an der Baugrundtagung unterstreicht unser Engagement f\u00fcr Innovation und Qualit\u00e4t in der Geobaustoffbranche. Wir pr\u00e4sentieren unsere Produkte und L\u00f6sungen, die speziell f\u00fcr anspruchsvolle Anwendungen im Baugrund- und Umweltschutz entwickelt wurden. Im Fokus stehen hierbei unsere hochentwickelten Geokunststoffe, die h\u00f6chsten technischen und \u00f6kologischen Anforderungen gerecht werden.<\/p>\n<p>Besuchen Sie uns an unserem Stand und erfahren Sie mehr \u00fcber unsere innovativen Produkte und Dienstleistungen. Unser Expertenteam steht Ihnen f\u00fcr detaillierte Informationen und pers\u00f6nliche Gespr\u00e4che zur Verf\u00fcgung.<\/p>\n<p>Die Fachausstellung Geotechnik auf der Baugrundtagung findet in der Messe Bremen in der<span>\u00a0<\/span><strong>Findorffstr. 101, 28215 Bremen<\/strong><span>\u00a0<\/span>vom 26. &#8211; 27. September 2024 statt.<\/p>\n<p>Wir freuen uns auf die Teilnahme und darauf, unser Know-how mit Branchenkollegen und Interessierten auszutauschen.<\/p>\n<p>Weitere Informationen:<span>\u00a0<\/span><a href=\"https:\/\/www.baugrundtagung.com\/\">www.baugrundtagung.com<\/a><\/p>\n<p>[\/et_pb_text][\/et_pb_column][\/et_pb_row][\/et_pb_section]<\/p>\n","protected":false},"excerpt":{"rendered":"<p>Besuchen Sie uns auf der Fachausstellung Geotechnik der 38. Baugrundtagung des DGGT vom 26. &#8211; 27. September 2024 in Bremen<\/p>\n","protected":false},"author":1,"featured_media":4429,"comment_status":"closed","ping_status":"open","sticky":false,"template":"","format":"standard","meta":{"_et_pb_use_builder":"on","_et_pb_old_content":"","_et_gb_content_width":"1080","inline_featured_image":false,"footnotes":""},"categories":[116],"tags":[],"class_list":["post-4423","post","type-post","status-publish","format-standard","has-post-thumbnail","hentry","category-aktuelles"],"yoast_head":"<!-- This site is optimized with the Yoast SEO plugin v27.4 - https:\/\/yoast.com\/product\/yoast-seo-wordpress\/ -->\n<title>Wir sind auf der Baugrundtagung 2024! - BECO BERM\u00dcLLER<\/title>\n<meta name=\"description\" content=\"Besuchen Sie uns auf der Fachausstellung Geotechnik der 38. Baugrundtagung des DGGT vom 26. - 27. September 2024 in Bremen.\" \/>\n<meta name=\"robots\" content=\"index, follow, max-snippet:-1, max-image-preview:large, max-video-preview:-1\" \/>\n<link rel=\"canonical\" href=\"https:\/\/www.beco-bermueller.de\/de\/wir-sind-auf-der-baugrundtagung-2024\/\" \/>\n<meta property=\"og:locale\" content=\"de_DE\" \/>\n<meta property=\"og:type\" content=\"article\" \/>\n<meta property=\"og:title\" content=\"Wir sind auf der Baugrundtagung 2024! - BECO BERM\u00dcLLER\" \/>\n<meta property=\"og:description\" content=\"Besuchen Sie uns auf der Fachausstellung Geotechnik der 38. Baugrundtagung des DGGT vom 26. - 27. September 2024 in Bremen.\" \/>\n<meta property=\"og:url\" content=\"https:\/\/www.beco-bermueller.de\/de\/wir-sind-auf-der-baugrundtagung-2024\/\" \/>\n<meta property=\"og:site_name\" content=\"BECO BERM\u00dcLLER\" \/>\n<meta property=\"article:publisher\" content=\"https:\/\/www.facebook.com\/becobermueller\/\" \/>\n<meta property=\"article:published_time\" content=\"2024-09-04T07:46:07+00:00\" \/>\n<meta property=\"article:modified_time\" content=\"2024-10-08T11:57:23+00:00\" \/>\n<meta property=\"og:image\" content=\"https:\/\/www.beco-bermueller.de\/wp-content\/uploads\/2024\/09\/beco_baugrundtagug_2024.991x0-generated_80-jpg.webp\" \/>\n\t<meta property=\"og:image:width\" content=\"991\" \/>\n\t<meta property=\"og:image:height\" content=\"661\" \/>\n\t<meta property=\"og:image:type\" content=\"image\/jpeg\" \/>\n<meta name=\"author\" content=\"yasemin.yueksel\" \/>\n<meta name=\"twitter:card\" content=\"summary_large_image\" \/>\n<meta name=\"twitter:label1\" content=\"Verfasst von\" \/>\n\t<meta name=\"twitter:data1\" content=\"yasemin.yueksel\" \/>\n\t<meta name=\"twitter:label2\" content=\"Gesch\u00e4tzte Lesezeit\" \/>\n\t<meta name=\"twitter:data2\" content=\"2\u00a0Minuten\" \/>\n<script type=\"application\/ld+json\" class=\"yoast-schema-graph\">{\"@context\":\"https:\\\/\\\/schema.org\",\"@graph\":[{\"@type\":\"Article\",\"@id\":\"https:\\\/\\\/www.beco-bermueller.de\\\/wir-sind-auf-der-baugrundtagung-2024\\\/#article\",\"isPartOf\":{\"@id\":\"https:\\\/\\\/www.beco-bermueller.de\\\/wir-sind-auf-der-baugrundtagung-2024\\\/\"},\"author\":{\"name\":\"yasemin.yueksel\",\"@id\":\"http:\\\/\\\/www.beco-bermueller.de\\\/en\\\/#\\\/schema\\\/person\\\/5ce9c1cfb35a467c998389de68d8787d\"},\"headline\":\"Wir sind auf der Baugrundtagung 2024!\",\"datePublished\":\"2024-09-04T07:46:07+00:00\",\"dateModified\":\"2024-10-08T11:57:23+00:00\",\"mainEntityOfPage\":{\"@id\":\"https:\\\/\\\/www.beco-bermueller.de\\\/wir-sind-auf-der-baugrundtagung-2024\\\/\"},\"wordCount\":753,\"publisher\":{\"@id\":\"http:\\\/\\\/www.beco-bermueller.de\\\/en\\\/#organization\"},\"image\":{\"@id\":\"https:\\\/\\\/www.beco-bermueller.de\\\/wir-sind-auf-der-baugrundtagung-2024\\\/#primaryimage\"},\"thumbnailUrl\":\"https:\\\/\\\/www.beco-bermueller.de\\\/wp-content\\\/uploads\\\/2024\\\/09\\\/beco_baugrundtagug_2024.991x0-generated_80-jpg.webp\",\"articleSection\":[\"Aktuelle News\"],\"inLanguage\":\"de\"},{\"@type\":\"WebPage\",\"@id\":\"https:\\\/\\\/www.beco-bermueller.de\\\/wir-sind-auf-der-baugrundtagung-2024\\\/\",\"url\":\"https:\\\/\\\/www.beco-bermueller.de\\\/wir-sind-auf-der-baugrundtagung-2024\\\/\",\"name\":\"Wir sind auf der Baugrundtagung 2024! - BECO BERM\u00dcLLER\",\"isPartOf\":{\"@id\":\"http:\\\/\\\/www.beco-bermueller.de\\\/en\\\/#website\"},\"primaryImageOfPage\":{\"@id\":\"https:\\\/\\\/www.beco-bermueller.de\\\/wir-sind-auf-der-baugrundtagung-2024\\\/#primaryimage\"},\"image\":{\"@id\":\"https:\\\/\\\/www.beco-bermueller.de\\\/wir-sind-auf-der-baugrundtagung-2024\\\/#primaryimage\"},\"thumbnailUrl\":\"https:\\\/\\\/www.beco-bermueller.de\\\/wp-content\\\/uploads\\\/2024\\\/09\\\/beco_baugrundtagug_2024.991x0-generated_80-jpg.webp\",\"datePublished\":\"2024-09-04T07:46:07+00:00\",\"dateModified\":\"2024-10-08T11:57:23+00:00\",\"description\":\"Besuchen Sie uns auf der Fachausstellung Geotechnik der 38. Baugrundtagung des DGGT vom 26. - 27. September 2024 in Bremen.\",\"breadcrumb\":{\"@id\":\"https:\\\/\\\/www.beco-bermueller.de\\\/wir-sind-auf-der-baugrundtagung-2024\\\/#breadcrumb\"},\"inLanguage\":\"de\",\"potentialAction\":[{\"@type\":\"ReadAction\",\"target\":[\"https:\\\/\\\/www.beco-bermueller.de\\\/wir-sind-auf-der-baugrundtagung-2024\\\/\"]}]},{\"@type\":\"ImageObject\",\"inLanguage\":\"de\",\"@id\":\"https:\\\/\\\/www.beco-bermueller.de\\\/wir-sind-auf-der-baugrundtagung-2024\\\/#primaryimage\",\"url\":\"https:\\\/\\\/www.beco-bermueller.de\\\/wp-content\\\/uploads\\\/2024\\\/09\\\/beco_baugrundtagug_2024.991x0-generated_80-jpg.webp\",\"contentUrl\":\"https:\\\/\\\/www.beco-bermueller.de\\\/wp-content\\\/uploads\\\/2024\\\/09\\\/beco_baugrundtagug_2024.991x0-generated_80-jpg.webp\",\"width\":991,\"height\":661,\"caption\":\"beco_baugrundtagug\"},{\"@type\":\"BreadcrumbList\",\"@id\":\"https:\\\/\\\/www.beco-bermueller.de\\\/wir-sind-auf-der-baugrundtagung-2024\\\/#breadcrumb\",\"itemListElement\":[{\"@type\":\"ListItem\",\"position\":1,\"name\":\"Startseite\",\"item\":\"https:\\\/\\\/www.beco-bermueller.de\\\/de\\\/\"},{\"@type\":\"ListItem\",\"position\":2,\"name\":\"Wir sind auf der Baugrundtagung 2024!\"}]},{\"@type\":\"WebSite\",\"@id\":\"http:\\\/\\\/www.beco-bermueller.de\\\/en\\\/#website\",\"url\":\"http:\\\/\\\/www.beco-bermueller.de\\\/en\\\/\",\"name\":\"Beco Berm\u00fcller\",\"description\":\"\",\"publisher\":{\"@id\":\"http:\\\/\\\/www.beco-bermueller.de\\\/en\\\/#organization\"},\"potentialAction\":[{\"@type\":\"SearchAction\",\"target\":{\"@type\":\"EntryPoint\",\"urlTemplate\":\"http:\\\/\\\/www.beco-bermueller.de\\\/en\\\/?s={search_term_string}\"},\"query-input\":{\"@type\":\"PropertyValueSpecification\",\"valueRequired\":true,\"valueName\":\"search_term_string\"}}],\"inLanguage\":\"de\"},{\"@type\":\"Organization\",\"@id\":\"http:\\\/\\\/www.beco-bermueller.de\\\/en\\\/#organization\",\"name\":\"Beco Berm\u00fcller\",\"url\":\"http:\\\/\\\/www.beco-bermueller.de\\\/en\\\/\",\"logo\":{\"@type\":\"ImageObject\",\"inLanguage\":\"de\",\"@id\":\"http:\\\/\\\/www.beco-bermueller.de\\\/en\\\/#\\\/schema\\\/logo\\\/image\\\/\",\"url\":\"https:\\\/\\\/www.beco-bermueller.de\\\/wp-content\\\/uploads\\\/2024\\\/04\\\/BECO_BERMUELLER_Logo_RGB.svg\",\"contentUrl\":\"https:\\\/\\\/www.beco-bermueller.de\\\/wp-content\\\/uploads\\\/2024\\\/04\\\/BECO_BERMUELLER_Logo_RGB.svg\",\"width\":\"1024\",\"height\":\"1024\",\"caption\":\"Beco Berm\u00fcller\"},\"image\":{\"@id\":\"http:\\\/\\\/www.beco-bermueller.de\\\/en\\\/#\\\/schema\\\/logo\\\/image\\\/\"},\"sameAs\":[\"https:\\\/\\\/www.facebook.com\\\/becobermueller\\\/\",\"https:\\\/\\\/www.instagram.com\\\/beco_bermueller\\\/\"]},{\"@type\":\"Person\",\"@id\":\"http:\\\/\\\/www.beco-bermueller.de\\\/en\\\/#\\\/schema\\\/person\\\/5ce9c1cfb35a467c998389de68d8787d\",\"name\":\"yasemin.yueksel\",\"image\":{\"@type\":\"ImageObject\",\"inLanguage\":\"de\",\"@id\":\"https:\\\/\\\/secure.gravatar.com\\\/avatar\\\/af9c3f31d72e844dd3bf7767d19a02605ec246a551910f5a8d6b62fe11efcc96?s=96&d=mm&r=g\",\"url\":\"https:\\\/\\\/secure.gravatar.com\\\/avatar\\\/af9c3f31d72e844dd3bf7767d19a02605ec246a551910f5a8d6b62fe11efcc96?s=96&d=mm&r=g\",\"contentUrl\":\"https:\\\/\\\/secure.gravatar.com\\\/avatar\\\/af9c3f31d72e844dd3bf7767d19a02605ec246a551910f5a8d6b62fe11efcc96?s=96&d=mm&r=g\",\"caption\":\"yasemin.yueksel\"},\"sameAs\":[\"https:\\\/\\\/www.beco-bermueller.de\\\/relaunch-24\"]}]}<\/script>\n<!-- \/ Yoast SEO plugin. -->","yoast_head_json":{"title":"Wir sind auf der Baugrundtagung 2024! - BECO BERM\u00dcLLER","description":"Besuchen Sie uns auf der Fachausstellung Geotechnik der 38. Baugrundtagung des DGGT vom 26. - 27. September 2024 in Bremen.","robots":{"index":"index","follow":"follow","max-snippet":"max-snippet:-1","max-image-preview":"max-image-preview:large","max-video-preview":"max-video-preview:-1"},"canonical":"https:\/\/www.beco-bermueller.de\/de\/wir-sind-auf-der-baugrundtagung-2024\/","og_locale":"de_DE","og_type":"article","og_title":"Wir sind auf der Baugrundtagung 2024! - BECO BERM\u00dcLLER","og_description":"Besuchen Sie uns auf der Fachausstellung Geotechnik der 38. Baugrundtagung des DGGT vom 26. - 27. September 2024 in Bremen.","og_url":"https:\/\/www.beco-bermueller.de\/de\/wir-sind-auf-der-baugrundtagung-2024\/","og_site_name":"BECO BERM\u00dcLLER","article_publisher":"https:\/\/www.facebook.com\/becobermueller\/","article_published_time":"2024-09-04T07:46:07+00:00","article_modified_time":"2024-10-08T11:57:23+00:00","og_image":[{"width":991,"height":661,"url":"https:\/\/www.beco-bermueller.de\/wp-content\/uploads\/2024\/09\/beco_baugrundtagug_2024.991x0-generated_80-jpg.webp","type":"image\/jpeg"}],"author":"yasemin.yueksel","twitter_card":"summary_large_image","twitter_misc":{"Verfasst von":"yasemin.yueksel","Gesch\u00e4tzte Lesezeit":"2\u00a0Minuten"},"schema":{"@context":"https:\/\/schema.org","@graph":[{"@type":"Article","@id":"https:\/\/www.beco-bermueller.de\/wir-sind-auf-der-baugrundtagung-2024\/#article","isPartOf":{"@id":"https:\/\/www.beco-bermueller.de\/wir-sind-auf-der-baugrundtagung-2024\/"},"author":{"name":"yasemin.yueksel","@id":"http:\/\/www.beco-bermueller.de\/en\/#\/schema\/person\/5ce9c1cfb35a467c998389de68d8787d"},"headline":"Wir sind auf der Baugrundtagung 2024!","datePublished":"2024-09-04T07:46:07+00:00","dateModified":"2024-10-08T11:57:23+00:00","mainEntityOfPage":{"@id":"https:\/\/www.beco-bermueller.de\/wir-sind-auf-der-baugrundtagung-2024\/"},"wordCount":753,"publisher":{"@id":"http:\/\/www.beco-bermueller.de\/en\/#organization"},"image":{"@id":"https:\/\/www.beco-bermueller.de\/wir-sind-auf-der-baugrundtagung-2024\/#primaryimage"},"thumbnailUrl":"https:\/\/www.beco-bermueller.de\/wp-content\/uploads\/2024\/09\/beco_baugrundtagug_2024.991x0-generated_80-jpg.webp","articleSection":["Aktuelle News"],"inLanguage":"de"},{"@type":"WebPage","@id":"https:\/\/www.beco-bermueller.de\/wir-sind-auf-der-baugrundtagung-2024\/","url":"https:\/\/www.beco-bermueller.de\/wir-sind-auf-der-baugrundtagung-2024\/","name":"Wir sind auf der Baugrundtagung 2024! - BECO BERM\u00dcLLER","isPartOf":{"@id":"http:\/\/www.beco-bermueller.de\/en\/#website"},"primaryImageOfPage":{"@id":"https:\/\/www.beco-bermueller.de\/wir-sind-auf-der-baugrundtagung-2024\/#primaryimage"},"image":{"@id":"https:\/\/www.beco-bermueller.de\/wir-sind-auf-der-baugrundtagung-2024\/#primaryimage"},"thumbnailUrl":"https:\/\/www.beco-bermueller.de\/wp-content\/uploads\/2024\/09\/beco_baugrundtagug_2024.991x0-generated_80-jpg.webp","datePublished":"2024-09-04T07:46:07+00:00","dateModified":"2024-10-08T11:57:23+00:00","description":"Besuchen Sie uns auf der Fachausstellung Geotechnik der 38. Baugrundtagung des DGGT vom 26. - 27. September 2024 in Bremen.","breadcrumb":{"@id":"https:\/\/www.beco-bermueller.de\/wir-sind-auf-der-baugrundtagung-2024\/#breadcrumb"},"inLanguage":"de","potentialAction":[{"@type":"ReadAction","target":["https:\/\/www.beco-bermueller.de\/wir-sind-auf-der-baugrundtagung-2024\/"]}]},{"@type":"ImageObject","inLanguage":"de","@id":"https:\/\/www.beco-bermueller.de\/wir-sind-auf-der-baugrundtagung-2024\/#primaryimage","url":"https:\/\/www.beco-bermueller.de\/wp-content\/uploads\/2024\/09\/beco_baugrundtagug_2024.991x0-generated_80-jpg.webp","contentUrl":"https:\/\/www.beco-bermueller.de\/wp-content\/uploads\/2024\/09\/beco_baugrundtagug_2024.991x0-generated_80-jpg.webp","width":991,"height":661,"caption":"beco_baugrundtagug"},{"@type":"BreadcrumbList","@id":"https:\/\/www.beco-bermueller.de\/wir-sind-auf-der-baugrundtagung-2024\/#breadcrumb","itemListElement":[{"@type":"ListItem","position":1,"name":"Startseite","item":"https:\/\/www.beco-bermueller.de\/de\/"},{"@type":"ListItem","position":2,"name":"Wir sind auf der Baugrundtagung 2024!"}]},{"@type":"WebSite","@id":"http:\/\/www.beco-bermueller.de\/en\/#website","url":"http:\/\/www.beco-bermueller.de\/en\/","name":"Beco Berm\u00fcller","description":"","publisher":{"@id":"http:\/\/www.beco-bermueller.de\/en\/#organization"},"potentialAction":[{"@type":"SearchAction","target":{"@type":"EntryPoint","urlTemplate":"http:\/\/www.beco-bermueller.de\/en\/?s={search_term_string}"},"query-input":{"@type":"PropertyValueSpecification","valueRequired":true,"valueName":"search_term_string"}}],"inLanguage":"de"},{"@type":"Organization","@id":"http:\/\/www.beco-bermueller.de\/en\/#organization","name":"Beco Berm\u00fcller","url":"http:\/\/www.beco-bermueller.de\/en\/","logo":{"@type":"ImageObject","inLanguage":"de","@id":"http:\/\/www.beco-bermueller.de\/en\/#\/schema\/logo\/image\/","url":"https:\/\/www.beco-bermueller.de\/wp-content\/uploads\/2024\/04\/BECO_BERMUELLER_Logo_RGB.svg","contentUrl":"https:\/\/www.beco-bermueller.de\/wp-content\/uploads\/2024\/04\/BECO_BERMUELLER_Logo_RGB.svg","width":"1024","height":"1024","caption":"Beco Berm\u00fcller"},"image":{"@id":"http:\/\/www.beco-bermueller.de\/en\/#\/schema\/logo\/image\/"},"sameAs":["https:\/\/www.facebook.com\/becobermueller\/","https:\/\/www.instagram.com\/beco_bermueller\/"]},{"@type":"Person","@id":"http:\/\/www.beco-bermueller.de\/en\/#\/schema\/person\/5ce9c1cfb35a467c998389de68d8787d","name":"yasemin.yueksel","image":{"@type":"ImageObject","inLanguage":"de","@id":"https:\/\/secure.gravatar.com\/avatar\/af9c3f31d72e844dd3bf7767d19a02605ec246a551910f5a8d6b62fe11efcc96?s=96&d=mm&r=g","url":"https:\/\/secure.gravatar.com\/avatar\/af9c3f31d72e844dd3bf7767d19a02605ec246a551910f5a8d6b62fe11efcc96?s=96&d=mm&r=g","contentUrl":"https:\/\/secure.gravatar.com\/avatar\/af9c3f31d72e844dd3bf7767d19a02605ec246a551910f5a8d6b62fe11efcc96?s=96&d=mm&r=g","caption":"yasemin.yueksel"},"sameAs":["https:\/\/www.beco-bermueller.de\/relaunch-24"]}]}},"_links":{"self":[{"href":"https:\/\/www.beco-bermueller.de\/de\/wp-json\/wp\/v2\/posts\/4423","targetHints":{"allow":["GET"]}}],"collection":[{"href":"https:\/\/www.beco-bermueller.de\/de\/wp-json\/wp\/v2\/posts"}],"about":[{"href":"https:\/\/www.beco-bermueller.de\/de\/wp-json\/wp\/v2\/types\/post"}],"author":[{"embeddable":true,"href":"https:\/\/www.beco-bermueller.de\/de\/wp-json\/wp\/v2\/users\/1"}],"replies":[{"embeddable":true,"href":"https:\/\/www.beco-bermueller.de\/de\/wp-json\/wp\/v2\/comments?post=4423"}],"version-history":[{"count":0,"href":"https:\/\/www.beco-bermueller.de\/de\/wp-json\/wp\/v2\/posts\/4423\/revisions"}],"wp:featuredmedia":[{"embeddable":true,"href":"https:\/\/www.beco-bermueller.de\/de\/wp-json\/wp\/v2\/media\/4429"}],"wp:attachment":[{"href":"https:\/\/www.beco-bermueller.de\/de\/wp-json\/wp\/v2\/media?parent=4423"}],"wp:term":[{"taxonomy":"category","embeddable":true,"href":"https:\/\/www.beco-bermueller.de\/de\/wp-json\/wp\/v2\/categories?post=4423"},{"taxonomy":"post_tag","embeddable":true,"href":"https:\/\/www.beco-bermueller.de\/de\/wp-json\/wp\/v2\/tags?post=4423"}],"curies":[{"name":"wp","href":"https:\/\/api.w.org\/{rel}","templated":true}]}}